{"id":2489,"date":"2017-03-22T12:19:09","date_gmt":"2017-03-22T16:19:09","guid":{"rendered":"http:\/\/villamedica.ca\/?p=2489"},"modified":"2017-04-05T13:37:46","modified_gmt":"2017-04-05T17:37:46","slug":"les-pratiques-exemplaires-a-villa-medica-13-la-reeducation-sensitive-post-avc","status":"publish","type":"post","link":"https:\/\/villamedica.ca\/en\/les-pratiques-exemplaires-a-villa-medica-13-la-reeducation-sensitive-post-avc\/","title":{"rendered":"Les pratiques exemplaires \u00e0 Villa Medica (1\/3): la r\u00e9\u00e9ducation sensitive post-AVC"},"content":{"rendered":"<p><em>L&#8217;H\u00f4pital de r\u00e9adaptation Villa Medica se d\u00e9marque par ses approches novatrices et ses pratiques toujours en lien avec l\u2019\u00e9volution de la science et de la technologie. De par son esprit participatif \u00e0 de multiples projets de recherche, l&#8217;\u00e9quipe de professionnels r\u00e9ussit, encore aujourd\u2019hui, \u00e0 d\u00e9velopper de nouvelles fa\u00e7ons de faire ou\u00a0\u00e0 appliquer\u00a0des bonnes pratiques qui font la marque de\u00a0son excellence. <\/em><\/p>\n<p><em>Voici la premi\u00e8re pr\u00e9sentation d&#8217;une s\u00e9rie de trois\u00a0pratiques exemplaires de l&#8217;H\u00f4pital de r\u00e9adaptation Villa Medica.<\/em><\/p>\n<hr \/>\n<h2>La r\u00e9\u00e9ducation sensitive post-AVC<\/h2>\n<p>La douleur neuropathique post-AVC a un impact important sur la qualit\u00e9 de vie et est un d\u00e9fi en r\u00e9adaptation. La r\u00e9\u00e9ducation sensitive selon la m\u00e9thode de Claude Spicher, utilis\u00e9e principalement lors de l\u00e9sions nerveuses p\u00e9riph\u00e9riques, est bas\u00e9e sur la neuroplasticit\u00e9 du syst\u00e8me somesth\u00e9sique. Selon cette m\u00e9thode, am\u00e9liorer la sensibilit\u00e9 diminue les douleurs neuropathiques.<\/p>\n<p><a href=\"http:\/\/villamedica.ca\/wp-content\/uploads\/2017\/03\/pi.jpg\"><img loading=\"lazy\" decoding=\"async\" class=\" wp-image-2501 size-large aligncenter\" src=\"http:\/\/villamedica.ca\/wp-content\/uploads\/2017\/03\/pi-1024x292.jpg\" alt=\"pi\" width=\"625\" height=\"178\" srcset=\"https:\/\/villamedica.ca\/wp-content\/uploads\/2017\/03\/pi-1024x292.jpg 1024w, https:\/\/villamedica.ca\/wp-content\/uploads\/2017\/03\/pi-300x86.jpg 300w, https:\/\/villamedica.ca\/wp-content\/uploads\/2017\/03\/pi.jpg 1319w\" sizes=\"auto, (max-width: 625px) 100vw, 625px\" \/><\/a><\/p>\n<p>La s\u00e9v\u00e9rit\u00e9 de la douleur est alors mesur\u00e9e en ergoth\u00e9rapie \u00e0 l\u2019aide du Questionnaire de la douleur St-Antoine (QDSA), version francis\u00e9e du McGill Pain. Ensuite, la sensibilit\u00e9 superficielle de la zone douloureuse est mesur\u00e9e \u00e0 l\u2019aide des monofilaments de Semmes-Weinstein (MSW).<\/p>\n<p>C\u2019est alors que la r\u00e9\u00e9ducation de la zone hypoesth\u00e9sique est faite en th\u00e9rapie avec un g\u00e9n\u00e9rateur de vibrations. Le patient doit parfois poursuivre \u00e0 domicile avec une brosse \u00e0 dents \u00e9lectrique.<\/p>\n<p>Les r\u00e9sultats ont d\u00e9montr\u00e9 une diminution de la douleur neuropathique et une am\u00e9lioration de la sensibilit\u00e9 superficielle chez certains usagers \u00a0\u00e0 l\u2019aide de la m\u00e9thode de la r\u00e9\u00e9ducation sensitive.<\/p>\n<p><em>(Source: article tir\u00e9 du journal Le Messager, journal\u00a0interne de l&#8217;H\u00f4pital de r\u00e9adaptation Villa Medica)<\/em><\/p>\n<hr \/>\n<p>Voir les autres pratiques exemplaires \u00e0 Villa Medica: <a href=\"https:\/\/villamedica.ca\/en\/les-pratiques-exemplaires-a-villa-medica-23-la-reeducation-perineale-et-pelvienne-suite-a-un-avc\/\">La r\u00e9\u00e9ducation p\u00e9rin\u00e9ale et pelvienne suite \u00e0 un AVC<\/a> et la <a href=\"https:\/\/villamedica.ca\/les-pratiques-exemplaires-a-villa-medica-33-la-readaptation-precoce-de-la-conduite-automobile-post-avc\/\">r\u00e9adaptation pr\u00e9coce de la conduite automobile post-AVC<\/a><\/p>\n","protected":false},"excerpt":{"rendered":"<p>L&#8217;H\u00f4pital de r\u00e9adaptation Villa Medica se d\u00e9marque par ses approches novatrices et ses pratiques toujours en lien avec l\u2019\u00e9volution de la science et de la technologie. De par son esprit participatif \u00e0 de multiples projets de recherche, l&#8217;\u00e9quipe de professionnels r\u00e9ussit, encore aujourd\u2019hui, \u00e0 d\u00e9velopper de nouvelles fa\u00e7ons de faire ou\u00a0\u00e0 appliquer\u00a0des bonnes pratiques qui [&hellip;]<\/p>\n","protected":false},"author":3,"featured_media":0,"comment_status":"open","ping_status":"open","sticky":false,"template":"","format":"standard","meta":{"_acf_changed":false,"footnotes":""},"categories":[4],"tags":[],"class_list":["post-2489","post","type-post","status-publish","format-standard","hentry","category-nouvelles"],"acf":[],"aioseo_notices":[],"_links":{"self":[{"href":"https:\/\/villamedica.ca\/en\/wp-json\/wp\/v2\/posts\/2489","targetHints":{"allow":["GET"]}}],"collection":[{"href":"https:\/\/villamedica.ca\/en\/wp-json\/wp\/v2\/posts"}],"about":[{"href":"https:\/\/villamedica.ca\/en\/wp-json\/wp\/v2\/types\/post"}],"author":[{"embeddable":true,"href":"https:\/\/villamedica.ca\/en\/wp-json\/wp\/v2\/users\/3"}],"replies":[{"embeddable":true,"href":"https:\/\/villamedica.ca\/en\/wp-json\/wp\/v2\/comments?post=2489"}],"version-history":[{"count":5,"href":"https:\/\/villamedica.ca\/en\/wp-json\/wp\/v2\/posts\/2489\/revisions"}],"predecessor-version":[{"id":2519,"href":"https:\/\/villamedica.ca\/en\/wp-json\/wp\/v2\/posts\/2489\/revisions\/2519"}],"wp:attachment":[{"href":"https:\/\/villamedica.ca\/en\/wp-json\/wp\/v2\/media?parent=2489"}],"wp:term":[{"taxonomy":"category","embeddable":true,"href":"https:\/\/villamedica.ca\/en\/wp-json\/wp\/v2\/categories?post=2489"},{"taxonomy":"post_tag","embeddable":true,"href":"https:\/\/villamedica.ca\/en\/wp-json\/wp\/v2\/tags?post=2489"}],"curies":[{"name":"wp","href":"https:\/\/api.w.org\/{rel}","templated":true}]}}